{"id":1232,"date":"2015-04-06T20:21:28","date_gmt":"2015-04-06T19:21:28","guid":{"rendered":"http:\/\/www.byter.de\/wordpress\/?p=1232"},"modified":"2015-04-06T21:00:03","modified_gmt":"2015-04-06T20:00:03","slug":"exentrix-tour-2014-slowenien-ii","status":"publish","type":"post","link":"https:\/\/www.byter.de\/wordpress\/?p=1232","title":{"rendered":"eXentriX Tour 2014 &#8211; Slowenien II"},"content":{"rendered":"<p>Der letzte Eintrag liegt mittlerweile schon mehr als ein Jahr zur\u00fcck&#8230; Und die n\u00e4chste eXentriX-H\u00f6hlentour steht schon wieder in den Startl\u00f6chern.<\/p>\n<p>Da wird\u00b4s irgendwie langsam Zeit mal einen kleinen Tourbericht und vor allem die Fotos vom letzten Jahr hochzuladen &#8211; mit 9 Monaten Versp\u00e4tung \ud83d\ude09\u00a0 Aber was lange w\u00e4hrt&#8230;<\/p>\n<p>Pfingsten 2014 ging es jedenfalls mit bekannter Mannschaft wieder nach Slowenien, wo wir eine tolle H\u00f6hlenwoche verbrachten und wieder eine Menge wie ich finde sehr sch\u00f6ner Bilder entstanden sind&#8230;\u00a0 <a href=\"https:\/\/www.byter.de\/wordpress\/?page_id=1188\">Hier<\/a> geht\u00b4s zum kleinen <a href=\"https:\/\/www.byter.de\/wordpress\/?page_id=1188\">Tourbericht<\/a>.<\/p>\n<div id=\"attachment_1208\" style=\"width: 510px\" class=\"wp-caption aligncenter\"><a href=\"https:\/\/www.byter.de\/wordpress\/?page_id=1188\"><img aria-describedby=\"caption-attachment-1208\" decoding=\"async\" loading=\"lazy\" class=\"wp-image-1208 size-full\" src=\"https:\/\/www.byter.de\/wordpress\/wp-content\/uploads\/2015\/04\/Martinska_SeeBernhard1_500.jpg\" alt=\"Martinska_SeeBernhard1_500\" width=\"500\" height=\"338\" srcset=\"https:\/\/www.byter.de\/wordpress\/wp-content\/uploads\/2015\/04\/Martinska_SeeBernhard1_500.jpg 500w, https:\/\/www.byter.de\/wordpress\/wp-content\/uploads\/2015\/04\/Martinska_SeeBernhard1_500-300x202.jpg 300w\" sizes=\"(max-width: 500px) 100vw, 500px\" \/><\/a><p id=\"caption-attachment-1208\" class=\"wp-caption-text\">eXentriX Tour 2014 &#8211; Slowenien II<\/p><\/div>\n<p>In knapp 2 Wochen geht\u00b4s dann nach S\u00fcdfrankreich in die Ard\u00e8che &#8211; und ich hoffe, dass ich dann keine 9 Monate f\u00fcr ein Update brauche \ud83d\ude09<\/p>\n","protected":false},"excerpt":{"rendered":"<p>Der letzte Eintrag liegt mittlerweile schon mehr als ein Jahr zur\u00fcck&#8230; Und die n\u00e4chste eXentriX-H\u00f6hlentour steht schon wieder in den Startl\u00f6chern. Da wird\u00b4s irgendwie langsam Zeit mal einen kleinen Tourbericht und vor allem die Fotos vom letzten Jahr hochzuladen &#8211; &hellip; <a href=\"https:\/\/www.byter.de\/wordpress\/?p=1232\">Weiterlesen <span class=\"meta-nav\">&rarr;<\/span><\/a><\/p>\n","protected":false},"author":1,"featured_media":0,"comment_status":"open","ping_status":"open","sticky":false,"template":"","format":"standard","meta":{"ngg_post_thumbnail":0},"categories":[1,3,7],"tags":[],"jetpack_featured_media_url":"","_links":{"self":[{"href":"https:\/\/www.byter.de\/wordpress\/index.php?rest_route=\/wp\/v2\/posts\/1232"}],"collection":[{"href":"https:\/\/www.byter.de\/wordpress\/index.php?rest_route=\/wp\/v2\/posts"}],"about":[{"href":"https:\/\/www.byter.de\/wordpress\/index.php?rest_route=\/wp\/v2\/types\/post"}],"author":[{"embeddable":true,"href":"https:\/\/www.byter.de\/wordpress\/index.php?rest_route=\/wp\/v2\/users\/1"}],"replies":[{"embeddable":true,"href":"https:\/\/www.byter.de\/wordpress\/index.php?rest_route=%2Fwp%2Fv2%2Fcomments&post=1232"}],"version-history":[{"count":2,"href":"https:\/\/www.byter.de\/wordpress\/index.php?rest_route=\/wp\/v2\/posts\/1232\/revisions"}],"predecessor-version":[{"id":1236,"href":"https:\/\/www.byter.de\/wordpress\/index.php?rest_route=\/wp\/v2\/posts\/1232\/revisions\/1236"}],"wp:attachment":[{"href":"https:\/\/www.byter.de\/wordpress\/index.php?rest_route=%2Fwp%2Fv2%2Fmedia&parent=1232"}],"wp:term":[{"taxonomy":"category","embeddable":true,"href":"https:\/\/www.byter.de\/wordpress\/index.php?rest_route=%2Fwp%2Fv2%2Fcategories&post=1232"},{"taxonomy":"post_tag","embeddable":true,"href":"https:\/\/www.byter.de\/wordpress\/index.php?rest_route=%2Fwp%2Fv2%2Ftags&post=1232"}],"curies":[{"name":"wp","href":"https:\/\/api.w.org\/{rel}","templated":true}]}}