{"id":1416,"date":"2015-06-22T19:11:39","date_gmt":"2015-06-22T18:11:39","guid":{"rendered":"http:\/\/www.byter.de\/wordpress\/?p=1416"},"modified":"2015-06-22T19:11:52","modified_gmt":"2015-06-22T18:11:52","slug":"exentrix-tour-2015-ardeche","status":"publish","type":"post","link":"https:\/\/www.byter.de\/wordpress\/?p=1416","title":{"rendered":"eXentriX Tour 2015 &#8211; Ard\u00e8che"},"content":{"rendered":"<p>Ende April 2015 &#8211; diesmal deutlich fr\u00fcher als sonst &#8211; zog es die eXentriX-Truppe mal wieder auf H\u00f6hlentour \ud83d\ude09\u00a0\u00a0 Nach zwei Jahren Slowenien ging es in diesem Jahr zur Abwechslung mal wieder nach Frankreich an die Ard\u00e8che&#8230;<\/p>\n<p><a href=\"https:\/\/www.byter.de\/wordpress\/?page_id=1320\">Hier<\/a> gibt\u00b4s einen kleinen <a href=\"https:\/\/www.byter.de\/wordpress\/?page_id=1320\">Tourbericht<\/a> und zahlreiche Fotos &#8211; viel Spa\u00df!<\/p>\n<div id=\"attachment_1389\" style=\"width: 510px\" class=\"wp-caption aligncenter\"><a title=\"eXentriX Tour 2015\" href=\"https:\/\/www.byter.de\/wordpress\/?page_id=1320\"><img aria-describedby=\"caption-attachment-1389\" decoding=\"async\" loading=\"lazy\" class=\"size-full wp-image-1389\" src=\"https:\/\/www.byter.de\/wordpress\/wp-content\/uploads\/2015\/06\/Peyrejal_500.jpg\" alt=\"eXentriX Tour 2015 - Ard\u00e8che\" width=\"500\" height=\"381\" srcset=\"https:\/\/www.byter.de\/wordpress\/wp-content\/uploads\/2015\/06\/Peyrejal_500.jpg 500w, https:\/\/www.byter.de\/wordpress\/wp-content\/uploads\/2015\/06\/Peyrejal_500-300x228.jpg 300w\" sizes=\"(max-width: 500px) 100vw, 500px\" \/><\/a><p id=\"caption-attachment-1389\" class=\"wp-caption-text\">eXentriX Tour 2015 &#8211; Ard\u00e8che<\/p><\/div>\n","protected":false},"excerpt":{"rendered":"<p>Ende April 2015 &#8211; diesmal deutlich fr\u00fcher als sonst &#8211; zog es die eXentriX-Truppe mal wieder auf H\u00f6hlentour \ud83d\ude09\u00a0\u00a0 Nach zwei Jahren Slowenien ging es in diesem Jahr zur Abwechslung mal wieder nach Frankreich an die Ard\u00e8che&#8230; Hier gibt\u00b4s einen &hellip; <a href=\"https:\/\/www.byter.de\/wordpress\/?p=1416\">Weiterlesen <span class=\"meta-nav\">&rarr;<\/span><\/a><\/p>\n","protected":false},"author":1,"featured_media":0,"comment_status":"open","ping_status":"open","sticky":false,"template":"","format":"standard","meta":{"ngg_post_thumbnail":0},"categories":[1,3,7],"tags":[],"jetpack_featured_media_url":"","_links":{"self":[{"href":"https:\/\/www.byter.de\/wordpress\/index.php?rest_route=\/wp\/v2\/posts\/1416"}],"collection":[{"href":"https:\/\/www.byter.de\/wordpress\/index.php?rest_route=\/wp\/v2\/posts"}],"about":[{"href":"https:\/\/www.byter.de\/wordpress\/index.php?rest_route=\/wp\/v2\/types\/post"}],"author":[{"embeddable":true,"href":"https:\/\/www.byter.de\/wordpress\/index.php?rest_route=\/wp\/v2\/users\/1"}],"replies":[{"embeddable":true,"href":"https:\/\/www.byter.de\/wordpress\/index.php?rest_route=%2Fwp%2Fv2%2Fcomments&post=1416"}],"version-history":[{"count":1,"href":"https:\/\/www.byter.de\/wordpress\/index.php?rest_route=\/wp\/v2\/posts\/1416\/revisions"}],"predecessor-version":[{"id":1417,"href":"https:\/\/www.byter.de\/wordpress\/index.php?rest_route=\/wp\/v2\/posts\/1416\/revisions\/1417"}],"wp:attachment":[{"href":"https:\/\/www.byter.de\/wordpress\/index.php?rest_route=%2Fwp%2Fv2%2Fmedia&parent=1416"}],"wp:term":[{"taxonomy":"category","embeddable":true,"href":"https:\/\/www.byter.de\/wordpress\/index.php?rest_route=%2Fwp%2Fv2%2Fcategories&post=1416"},{"taxonomy":"post_tag","embeddable":true,"href":"https:\/\/www.byter.de\/wordpress\/index.php?rest_route=%2Fwp%2Fv2%2Ftags&post=1416"}],"curies":[{"name":"wp","href":"https:\/\/api.w.org\/{rel}","templated":true}]}}