{"id":1516,"date":"2015-07-21T19:14:46","date_gmt":"2015-07-21T18:14:46","guid":{"rendered":"http:\/\/www.byter.de\/wordpress\/?p=1516"},"modified":"2017-07-23T20:37:51","modified_gmt":"2017-07-23T19:37:51","slug":"transalp-2015-mit-dem-emtb-ueber-die-alpen","status":"publish","type":"post","link":"https:\/\/www.byter.de\/wordpress\/?p=1516","title":{"rendered":"TransAlp 2015 &#8211; mit dem eMTB \u00fcber die Alpen"},"content":{"rendered":"<p>Schon seit l\u00e4ngerem wollte ich endlich wieder eine ausgiebige Tour in den Alpen unternehmen (die letzte liegt schon viel zu lange zur\u00fcck) &#8211; die Wahl fiel dieses Mal aber weder auf die Wanderschuhe noch auf\u00b4s Klettersteigset \ud83d\ude09<\/p>\n<p>Mitte Juli habe ich mit dem eMTB die Alpen \u00fcberquert &#8211; \u00fcber 410km klassisch von Garmisch\/Mittenwald zum Gardasee. Einen kleinen <a href=\"https:\/\/www.byter.de\/wordpress\/?page_id=1482\">Tourbericht<\/a> und viele Fotos der Tour findet ihr <a href=\"https:\/\/www.byter.de\/wordpress\/?page_id=1482\">hier<\/a>:<\/p>\n<div id=\"attachment_1484\" style=\"width: 510px\" class=\"wp-caption aligncenter\"><a href=\"https:\/\/www.byter.de\/wordpress\/?page_id=1482\"><img aria-describedby=\"caption-attachment-1484\" decoding=\"async\" loading=\"lazy\" class=\"wp-image-1484 size-full\" src=\"https:\/\/www.byter.de\/wordpress\/wp-content\/uploads\/2015\/07\/Venetalm_Auffahrt_500.jpg\" alt=\"TransAlp 2015 - ein Tourbericht\" width=\"500\" height=\"354\" srcset=\"https:\/\/www.byter.de\/wordpress\/wp-content\/uploads\/2015\/07\/Venetalm_Auffahrt_500.jpg 500w, https:\/\/www.byter.de\/wordpress\/wp-content\/uploads\/2015\/07\/Venetalm_Auffahrt_500-300x212.jpg 300w\" sizes=\"(max-width: 500px) 100vw, 500px\" \/><\/a><p id=\"caption-attachment-1484\" class=\"wp-caption-text\">TransAlp 2015 &#8211; ein Tourbericht<\/p><\/div>\n","protected":false},"excerpt":{"rendered":"<p>Schon seit l\u00e4ngerem wollte ich endlich wieder eine ausgiebige Tour in den Alpen unternehmen (die letzte liegt schon viel zu lange zur\u00fcck) &#8211; die Wahl fiel dieses Mal aber weder auf die Wanderschuhe noch auf\u00b4s Klettersteigset \ud83d\ude09 Mitte Juli habe &hellip; <a href=\"https:\/\/www.byter.de\/wordpress\/?p=1516\">Weiterlesen <span class=\"meta-nav\">&rarr;<\/span><\/a><\/p>\n","protected":false},"author":1,"featured_media":0,"comment_status":"open","ping_status":"open","sticky":false,"template":"","format":"standard","meta":{"ngg_post_thumbnail":0},"categories":[1,3,10],"tags":[9,8],"jetpack_featured_media_url":"","_links":{"self":[{"href":"https:\/\/www.byter.de\/wordpress\/index.php?rest_route=\/wp\/v2\/posts\/1516"}],"collection":[{"href":"https:\/\/www.byter.de\/wordpress\/index.php?rest_route=\/wp\/v2\/posts"}],"about":[{"href":"https:\/\/www.byter.de\/wordpress\/index.php?rest_route=\/wp\/v2\/types\/post"}],"author":[{"embeddable":true,"href":"https:\/\/www.byter.de\/wordpress\/index.php?rest_route=\/wp\/v2\/users\/1"}],"replies":[{"embeddable":true,"href":"https:\/\/www.byter.de\/wordpress\/index.php?rest_route=%2Fwp%2Fv2%2Fcomments&post=1516"}],"version-history":[{"count":5,"href":"https:\/\/www.byter.de\/wordpress\/index.php?rest_route=\/wp\/v2\/posts\/1516\/revisions"}],"predecessor-version":[{"id":2080,"href":"https:\/\/www.byter.de\/wordpress\/index.php?rest_route=\/wp\/v2\/posts\/1516\/revisions\/2080"}],"wp:attachment":[{"href":"https:\/\/www.byter.de\/wordpress\/index.php?rest_route=%2Fwp%2Fv2%2Fmedia&parent=1516"}],"wp:term":[{"taxonomy":"category","embeddable":true,"href":"https:\/\/www.byter.de\/wordpress\/index.php?rest_route=%2Fwp%2Fv2%2Fcategories&post=1516"},{"taxonomy":"post_tag","embeddable":true,"href":"https:\/\/www.byter.de\/wordpress\/index.php?rest_route=%2Fwp%2Fv2%2Ftags&post=1516"}],"curies":[{"name":"wp","href":"https:\/\/api.w.org\/{rel}","templated":true}]}}