{"id":171,"date":"2011-01-26T19:53:34","date_gmt":"2011-01-26T18:53:34","guid":{"rendered":"http:\/\/gc.x3.net\/wordpress\/?p=171"},"modified":"2011-02-09T20:24:10","modified_gmt":"2011-02-09T19:24:10","slug":"word-clock-qlocktwo","status":"publish","type":"post","link":"https:\/\/www.byter.de\/wordpress\/?p=171","title":{"rendered":"Word Clock \/ &#8222;Qlocktwo&#8220;"},"content":{"rendered":"<p>Vor ein paar Tagen fragte Jfs2003 per Twitter, ob nicht jemand Lust h\u00e4tte an einem Nachbau der <a href=\"http:\/\/www.qlocktwo.com\/\">&#8222;Qlocktwo&#8220;<\/a> mitzumachen&#8230;\u00a0 Die Uhr fand ich schon immer recht genial, aber auf die Idee das Ding nachzubauen bin ich bis dahin nicht gekommen.\u00a0 Frank hatte aber <a href=\"http:\/\/www.caschoff.de\/Bauanleitung_einer_Wortuhr\/Bauanleitung\/Bauanleitung.html\">diesen Link<\/a> entdeckt, und das las sich doch durchaus machbar (vom handwerklichen mal abgesehen ;-))&#8230;<\/p>\n<p>Was mir an dem Design nicht gefiel war allerdings, dass es a) auf <a href=\"http:\/\/de.wikipedia.org\/wiki\/Arduino-Plattform\">Arduino<\/a>-Basis gebaut war und nicht direkt mit einem AVR in C oder Bascom realisiert war und b) dass es laut der Google-Group wohl noch so einige Schw\u00e4chen wie z.B. \u00fcberstrahlende LEDs hatte, was wohl im Schaltungsdesign begr\u00fcndet liegt&#8230; Nach ein wenig Recherche stie\u00df ich schlie\u00dflich auf das im Verh\u00e4ltnis dazu doch ziemlich fette und vor allem professionelle Nachbau-Projekt &#8222;<a href=\"http:\/\/www.mikrocontroller.net\/articles\/Word_Clock_Variante_1\">Word Clock<\/a>&#8220; auf <a href=\"http:\/\/www.mikrocontroller.net\/\">Mikrocontroller.net<\/a>, wo ich mich h\u00e4ufiger rumtreibe&#8230;\u00a0\u00a0 Hier wurde nicht gekleckert, sondern wahrlich geklotzt und die Idee sogar noch etwas weiter gesponnen &#8211; mit Funk, Ambilight und per Fernbedienung w\u00e4hlbarer LED-Farbe \ud83d\ude2f<\/p>\n<p>Wem langweilig ist, der kann sich auch den <a href=\"http:\/\/www.mikrocontroller.net\/topic\/156661\">Thread<\/a> mit l\u00e4cherlichen 3700 Beitr\u00e4gen dazu durchlesen \ud83d\ude42<\/p>\n<p>Es liefen sogar gerade die letzten Tage einer aktuellen Sammelbestellung f\u00fcr die Frontplatten aus Acryl und die leere Hauptplatine &#8211; womit schonmal die schwierigsten Teilbereiche zumindest zu einem Teil erschlagen sind&#8230; Kurzum: Gesehen und bestellt.<\/p>\n<p>Schauen wir mal.\u00a0 Wird auf jeden Fall mein gr\u00f6\u00dftes bisheriges Projekt, selbst wenn es &#8222;nur&#8220; ein Nachbau ist&#8230;\u00a0 Wie ich die &gt;100 SMD-LEDs und 200 SMD-Widerst\u00e4nde verl\u00f6tet kriege wei\u00df ich zwar noch nicht, aber man w\u00e4chst ja bekanntlich mit den Herausforderungen \ud83d\ude09<\/p>\n<p>Ich werde berichten&#8230;<\/p>\n","protected":false},"excerpt":{"rendered":"<p>Vor ein paar Tagen fragte Jfs2003 per Twitter, ob nicht jemand Lust h\u00e4tte an einem Nachbau der &#8222;Qlocktwo&#8220; mitzumachen&#8230;\u00a0 Die Uhr fand ich schon immer recht genial, aber auf die Idee das Ding nachzubauen bin ich bis dahin nicht gekommen.\u00a0 &hellip; <a href=\"https:\/\/www.byter.de\/wordpress\/?p=171\">Weiterlesen <span class=\"meta-nav\">&rarr;<\/span><\/a><\/p>\n","protected":false},"author":1,"featured_media":0,"comment_status":"open","ping_status":"open","sticky":false,"template":"","format":"standard","meta":{"ngg_post_thumbnail":0},"categories":[5],"tags":[],"jetpack_featured_media_url":"","_links":{"self":[{"href":"https:\/\/www.byter.de\/wordpress\/index.php?rest_route=\/wp\/v2\/posts\/171"}],"collection":[{"href":"https:\/\/www.byter.de\/wordpress\/index.php?rest_route=\/wp\/v2\/posts"}],"about":[{"href":"https:\/\/www.byter.de\/wordpress\/index.php?rest_route=\/wp\/v2\/types\/post"}],"author":[{"embeddable":true,"href":"https:\/\/www.byter.de\/wordpress\/index.php?rest_route=\/wp\/v2\/users\/1"}],"replies":[{"embeddable":true,"href":"https:\/\/www.byter.de\/wordpress\/index.php?rest_route=%2Fwp%2Fv2%2Fcomments&post=171"}],"version-history":[{"count":6,"href":"https:\/\/www.byter.de\/wordpress\/index.php?rest_route=\/wp\/v2\/posts\/171\/revisions"}],"predecessor-version":[{"id":197,"href":"https:\/\/www.byter.de\/wordpress\/index.php?rest_route=\/wp\/v2\/posts\/171\/revisions\/197"}],"wp:attachment":[{"href":"https:\/\/www.byter.de\/wordpress\/index.php?rest_route=%2Fwp%2Fv2%2Fmedia&parent=171"}],"wp:term":[{"taxonomy":"category","embeddable":true,"href":"https:\/\/www.byter.de\/wordpress\/index.php?rest_route=%2Fwp%2Fv2%2Fcategories&post=171"},{"taxonomy":"post_tag","embeddable":true,"href":"https:\/\/www.byter.de\/wordpress\/index.php?rest_route=%2Fwp%2Fv2%2Ftags&post=171"}],"curies":[{"name":"wp","href":"https:\/\/api.w.org\/{rel}","templated":true}]}}