{"id":209,"date":"2011-02-22T22:07:41","date_gmt":"2011-02-22T21:07:41","guid":{"rendered":"http:\/\/gc.x3.net\/wordpress\/?p=209"},"modified":"2011-02-22T22:07:41","modified_gmt":"2011-02-22T21:07:41","slug":"wordclock-zusammenbau-part-i","status":"publish","type":"post","link":"https:\/\/www.byter.de\/wordpress\/?p=209","title":{"rendered":"WordClock &#8211; Zusammenbau Part I"},"content":{"rendered":"<p><a href=\"https:\/\/www.byter.de\/wordpress\/?p=171\">Hier<\/a> hab ich das Projekt &#8222;WordClock&#8220; ja schon kurz vorgestellt&#8230;\u00a0 Mittlerweile sind die ersten &#8222;paar&#8220; Teile bei mir eingetrudelt:<\/p>\n<p><a href=\"https:\/\/www.byter.de\/wordpress\/wp-content\/uploads\/2011\/02\/wc_chaos1.jpg\"><img decoding=\"async\" loading=\"lazy\" class=\"aligncenter size-full wp-image-211\" title=\"wc_chaos1\" src=\"https:\/\/www.byter.de\/wordpress\/wp-content\/uploads\/2011\/02\/wc_chaos1.jpg\" alt=\"Wordclock Bauteile\" width=\"1010\" height=\"537\" srcset=\"https:\/\/www.byter.de\/wordpress\/wp-content\/uploads\/2011\/02\/wc_chaos1.jpg 1010w, https:\/\/www.byter.de\/wordpress\/wp-content\/uploads\/2011\/02\/wc_chaos1-300x159.jpg 300w\" sizes=\"(max-width: 1010px) 100vw, 1010px\" \/><\/a><\/p>\n<p>und gestern und heute ging\u00b4s dann daran, mal die erste Schaltung zusammen zu braten&#8230; L\u00f6ttechnisch war das der einfachere Teil, die ganze SMD-Friemelei kommt erst noch, aber zumindest die Platinen sehen schonmal recht brauchbar aus. Auch die Programmierung der Mikrocontroller erwies sich als v\u00f6llig problemlos &#8211; auf die ganzen Bootloader-Komponenten aus dem Projekt hab ich aber erstmal verzichtet.<\/p>\n<p>Aber das wichtigste: die ersten Funktionstests waren auf Anhieb sogar erfolgreich \ud83d\ude09<\/p>\n<p>Hier einmal mit und einmal ohne Chip-Best\u00fcckung:<\/p>\n<p><a href=\"https:\/\/www.byter.de\/wordpress\/wp-content\/uploads\/2011\/02\/wc-platine1.jpg\"><img decoding=\"async\" loading=\"lazy\" class=\"aligncenter size-full wp-image-212\" title=\"wc-platine1\" src=\"https:\/\/www.byter.de\/wordpress\/wp-content\/uploads\/2011\/02\/wc-platine1.jpg\" alt=\"Fertige WordClock-Platine\" width=\"710\" height=\"400\" srcset=\"https:\/\/www.byter.de\/wordpress\/wp-content\/uploads\/2011\/02\/wc-platine1.jpg 710w, https:\/\/www.byter.de\/wordpress\/wp-content\/uploads\/2011\/02\/wc-platine1-300x169.jpg 300w\" sizes=\"(max-width: 710px) 100vw, 710px\" \/><\/a><\/p>\n<p>Was noch fehlt sind die DCF77-Funkmodule und die Schaltnetzteile, ansonsten ist die Ansteuerelektronik komplett.<\/p>\n<p>Auch die Plexiglasplatten sind mittlerweile angekommen&#8230; Noch mit Schutzfolie (die kommt erst zum Schlu\u00df ab) ist es etwas schwer, die Qualit\u00e4t zu beurteilen, aber zumindest eine der Platten hat leider einige b\u00f6se Kratzer in der Beschichtung der R\u00fcckseite \ud83d\ude41\u00a0 Mal sehen ob und wie das kaschiert werden kann oder ob die Platte zur\u00fcck geht.<\/p>\n<p>Gr\u00f6\u00dfe und Design sind jedenfalls prima und eigentlich genau wie erhofft:<\/p>\n<p><a href=\"https:\/\/www.byter.de\/wordpress\/wp-content\/uploads\/2011\/02\/wc-frontplatten1.jpg\"><img decoding=\"async\" loading=\"lazy\" class=\"aligncenter size-full wp-image-216\" title=\"wc-frontplatten1\" src=\"https:\/\/www.byter.de\/wordpress\/wp-content\/uploads\/2011\/02\/wc-frontplatten1.jpg\" alt=\"WordClock Plexiglas-Frontplatten\" width=\"432\" height=\"496\" srcset=\"https:\/\/www.byter.de\/wordpress\/wp-content\/uploads\/2011\/02\/wc-frontplatten1.jpg 432w, https:\/\/www.byter.de\/wordpress\/wp-content\/uploads\/2011\/02\/wc-frontplatten1-261x300.jpg 261w\" sizes=\"(max-width: 432px) 100vw, 432px\" \/><\/a><\/p>\n<p>Jetzt ist leider erst mal wieder Pause und Warten angesagt, bis die Sammelbestellung der LED-Streifen und der ganzen SMD-Komponenten anl\u00e4uft.\u00a0 F\u00fcr die Zwischenb\u00f6den und den finalen Rahmen ist auch noch keine endg\u00fcltige L\u00f6sung in Sicht &#8211; mal schauen wann und wie es weiter geht&#8230;<\/p>\n","protected":false},"excerpt":{"rendered":"<p>Hier hab ich das Projekt &#8222;WordClock&#8220; ja schon kurz vorgestellt&#8230;\u00a0 Mittlerweile sind die ersten &#8222;paar&#8220; Teile bei mir eingetrudelt: und gestern und heute ging\u00b4s dann daran, mal die erste Schaltung zusammen zu braten&#8230; L\u00f6ttechnisch war das der einfachere Teil, die &hellip; <a href=\"https:\/\/www.byter.de\/wordpress\/?p=209\">Weiterlesen <span class=\"meta-nav\">&rarr;<\/span><\/a><\/p>\n","protected":false},"author":1,"featured_media":0,"comment_status":"open","ping_status":"open","sticky":false,"template":"","format":"standard","meta":{"ngg_post_thumbnail":0},"categories":[5],"tags":[],"jetpack_featured_media_url":"","_links":{"self":[{"href":"https:\/\/www.byter.de\/wordpress\/index.php?rest_route=\/wp\/v2\/posts\/209"}],"collection":[{"href":"https:\/\/www.byter.de\/wordpress\/index.php?rest_route=\/wp\/v2\/posts"}],"about":[{"href":"https:\/\/www.byter.de\/wordpress\/index.php?rest_route=\/wp\/v2\/types\/post"}],"author":[{"embeddable":true,"href":"https:\/\/www.byter.de\/wordpress\/index.php?rest_route=\/wp\/v2\/users\/1"}],"replies":[{"embeddable":true,"href":"https:\/\/www.byter.de\/wordpress\/index.php?rest_route=%2Fwp%2Fv2%2Fcomments&post=209"}],"version-history":[{"count":11,"href":"https:\/\/www.byter.de\/wordpress\/index.php?rest_route=\/wp\/v2\/posts\/209\/revisions"}],"predecessor-version":[{"id":223,"href":"https:\/\/www.byter.de\/wordpress\/index.php?rest_route=\/wp\/v2\/posts\/209\/revisions\/223"}],"wp:attachment":[{"href":"https:\/\/www.byter.de\/wordpress\/index.php?rest_route=%2Fwp%2Fv2%2Fmedia&parent=209"}],"wp:term":[{"taxonomy":"category","embeddable":true,"href":"https:\/\/www.byter.de\/wordpress\/index.php?rest_route=%2Fwp%2Fv2%2Fcategories&post=209"},{"taxonomy":"post_tag","embeddable":true,"href":"https:\/\/www.byter.de\/wordpress\/index.php?rest_route=%2Fwp%2Fv2%2Ftags&post=209"}],"curies":[{"name":"wp","href":"https:\/\/api.w.org\/{rel}","templated":true}]}}