{"id":2180,"date":"2018-08-27T15:20:43","date_gmt":"2018-08-27T14:20:43","guid":{"rendered":"http:\/\/www.byter.de\/wordpress\/?p=2180"},"modified":"2019-01-22T09:48:11","modified_gmt":"2019-01-22T08:48:11","slug":"balkan-2018-slowenien-kroatien-bosnien","status":"publish","type":"post","link":"https:\/\/www.byter.de\/wordpress\/?p=2180","title":{"rendered":"Balkan 2018 &#8211; Teil 1: Slowenien, Kroatien &#038; Bosnien"},"content":{"rendered":"<p>Im Mai 2018 ging es mit unserem <em>Tr\u00fcmmerchen <\/em>in den Balkan &#8211; unser Ziel waren Montenegro und Albanien, aber zun\u00e4chst f\u00fchrte uns die Reise nach Slowenien, Kroatien und Bosnien-Herzegowina.&nbsp; <a href=\"https:\/\/www.byter.de\/wordpress\/?page_id=2126\">Hier<\/a> geht\u00b4s zum ersten Teil des Reiseberichts&#8230;<\/p>\n<div id=\"attachment_2181\" style=\"width: 510px\" class=\"wp-caption aligncenter\"><a href=\"https:\/\/www.byter.de\/wordpress\/?page_id=2126\"><img aria-describedby=\"caption-attachment-2181\" decoding=\"async\" loading=\"lazy\" class=\"wp-image-2181 size-full\" src=\"https:\/\/www.byter.de\/wordpress\/wp-content\/uploads\/2018\/08\/VelebitTunnel500.jpg\" alt=\"\" width=\"500\" height=\"295\" srcset=\"https:\/\/www.byter.de\/wordpress\/wp-content\/uploads\/2018\/08\/VelebitTunnel500.jpg 500w, https:\/\/www.byter.de\/wordpress\/wp-content\/uploads\/2018\/08\/VelebitTunnel500-300x177.jpg 300w\" sizes=\"(max-width: 500px) 100vw, 500px\" \/><\/a><p id=\"caption-attachment-2181\" class=\"wp-caption-text\">Balkan-Tour 2018 &#8211; Etappe 1<\/p><\/div>\n","protected":false},"excerpt":{"rendered":"<p>Im Mai 2018 ging es mit unserem Tr\u00fcmmerchen in den Balkan &#8211; unser Ziel waren Montenegro und Albanien, aber zun\u00e4chst f\u00fchrte uns die Reise nach Slowenien, Kroatien und Bosnien-Herzegowina.&nbsp; Hier geht\u00b4s zum ersten Teil des Reiseberichts&#8230;<\/p>\n","protected":false},"author":1,"featured_media":0,"comment_status":"open","ping_status":"open","sticky":false,"template":"","format":"standard","meta":{"ngg_post_thumbnail":0},"categories":[1,3,10],"tags":[],"jetpack_featured_media_url":"","_links":{"self":[{"href":"https:\/\/www.byter.de\/wordpress\/index.php?rest_route=\/wp\/v2\/posts\/2180"}],"collection":[{"href":"https:\/\/www.byter.de\/wordpress\/index.php?rest_route=\/wp\/v2\/posts"}],"about":[{"href":"https:\/\/www.byter.de\/wordpress\/index.php?rest_route=\/wp\/v2\/types\/post"}],"author":[{"embeddable":true,"href":"https:\/\/www.byter.de\/wordpress\/index.php?rest_route=\/wp\/v2\/users\/1"}],"replies":[{"embeddable":true,"href":"https:\/\/www.byter.de\/wordpress\/index.php?rest_route=%2Fwp%2Fv2%2Fcomments&post=2180"}],"version-history":[{"count":2,"href":"https:\/\/www.byter.de\/wordpress\/index.php?rest_route=\/wp\/v2\/posts\/2180\/revisions"}],"predecessor-version":[{"id":2184,"href":"https:\/\/www.byter.de\/wordpress\/index.php?rest_route=\/wp\/v2\/posts\/2180\/revisions\/2184"}],"wp:attachment":[{"href":"https:\/\/www.byter.de\/wordpress\/index.php?rest_route=%2Fwp%2Fv2%2Fmedia&parent=2180"}],"wp:term":[{"taxonomy":"category","embeddable":true,"href":"https:\/\/www.byter.de\/wordpress\/index.php?rest_route=%2Fwp%2Fv2%2Fcategories&post=2180"},{"taxonomy":"post_tag","embeddable":true,"href":"https:\/\/www.byter.de\/wordpress\/index.php?rest_route=%2Fwp%2Fv2%2Ftags&post=2180"}],"curies":[{"name":"wp","href":"https:\/\/api.w.org\/{rel}","templated":true}]}}