{"id":2230,"date":"2019-01-20T17:19:54","date_gmt":"2019-01-20T16:19:54","guid":{"rendered":"http:\/\/www.byter.de\/wordpress\/?p=2230"},"modified":"2019-01-20T17:19:54","modified_gmt":"2019-01-20T16:19:54","slug":"exentrix-tour-2018-doubs","status":"publish","type":"post","link":"https:\/\/www.byter.de\/wordpress\/?p=2230","title":{"rendered":"eXentriX Tour 2018 &#8211; Doubs"},"content":{"rendered":"<p><a href=\"https:\/\/www.byter.de\/wordpress\/?page_id=2233\"><img decoding=\"async\" loading=\"lazy\" class=\"aligncenter wp-image-2231 size-full\" src=\"https:\/\/www.byter.de\/wordpress\/wp-content\/uploads\/2019\/01\/Doubs_500.jpg\" alt=\"\" width=\"500\" height=\"375\" srcset=\"https:\/\/www.byter.de\/wordpress\/wp-content\/uploads\/2019\/01\/Doubs_500.jpg 500w, https:\/\/www.byter.de\/wordpress\/wp-content\/uploads\/2019\/01\/Doubs_500-300x225.jpg 300w\" sizes=\"(max-width: 500px) 100vw, 500px\" \/><\/a>Auch in 2018 gingen die eXentriX auf Tour und erkundeten mal wieder ein paar unterirdische Hohlr\u00e4ume. Diesmal ging\u00b4s f\u00fcr ein verl\u00e4ngertes Wochenende ins Departement Doubs nach Frankreich &#8211; <a href=\"https:\/\/www.byter.de\/wordpress\/?page_id=2233\">hier entlang f\u00fcr einen kurzen Bericht und Fotos<\/a>&#8230;<\/p>\n","protected":false},"excerpt":{"rendered":"<p>Auch in 2018 gingen die eXentriX auf Tour und erkundeten mal wieder ein paar unterirdische Hohlr\u00e4ume. Diesmal ging\u00b4s f\u00fcr ein verl\u00e4ngertes Wochenende ins Departement Doubs nach Frankreich &#8211; hier entlang f\u00fcr einen kurzen Bericht und Fotos&#8230;<\/p>\n","protected":false},"author":1,"featured_media":0,"comment_status":"closed","ping_status":"open","sticky":false,"template":"","format":"standard","meta":{"ngg_post_thumbnail":0},"categories":[3,7],"tags":[],"jetpack_featured_media_url":"","_links":{"self":[{"href":"https:\/\/www.byter.de\/wordpress\/index.php?rest_route=\/wp\/v2\/posts\/2230"}],"collection":[{"href":"https:\/\/www.byter.de\/wordpress\/index.php?rest_route=\/wp\/v2\/posts"}],"about":[{"href":"https:\/\/www.byter.de\/wordpress\/index.php?rest_route=\/wp\/v2\/types\/post"}],"author":[{"embeddable":true,"href":"https:\/\/www.byter.de\/wordpress\/index.php?rest_route=\/wp\/v2\/users\/1"}],"replies":[{"embeddable":true,"href":"https:\/\/www.byter.de\/wordpress\/index.php?rest_route=%2Fwp%2Fv2%2Fcomments&post=2230"}],"version-history":[{"count":5,"href":"https:\/\/www.byter.de\/wordpress\/index.php?rest_route=\/wp\/v2\/posts\/2230\/revisions"}],"predecessor-version":[{"id":2249,"href":"https:\/\/www.byter.de\/wordpress\/index.php?rest_route=\/wp\/v2\/posts\/2230\/revisions\/2249"}],"wp:attachment":[{"href":"https:\/\/www.byter.de\/wordpress\/index.php?rest_route=%2Fwp%2Fv2%2Fmedia&parent=2230"}],"wp:term":[{"taxonomy":"category","embeddable":true,"href":"https:\/\/www.byter.de\/wordpress\/index.php?rest_route=%2Fwp%2Fv2%2Fcategories&post=2230"},{"taxonomy":"post_tag","embeddable":true,"href":"https:\/\/www.byter.de\/wordpress\/index.php?rest_route=%2Fwp%2Fv2%2Ftags&post=2230"}],"curies":[{"name":"wp","href":"https:\/\/api.w.org\/{rel}","templated":true}]}}