{"id":2489,"date":"2019-09-23T18:54:38","date_gmt":"2019-09-23T17:54:38","guid":{"rendered":"https:\/\/www.byter.de\/wordpress\/?p=2489"},"modified":"2019-09-24T08:33:03","modified_gmt":"2019-09-24T07:33:03","slug":"unser-truemmerchen-bereit-fuer-die-panamericana","status":"publish","type":"post","link":"https:\/\/www.byter.de\/wordpress\/?p=2489","title":{"rendered":"Unser &#8222;Tr\u00fcmmerchen&#8220; &#8211; bereit f\u00fcr die Panamericana!?"},"content":{"rendered":"\n<div class=\"wp-block-image\"><figure class=\"aligncenter\"><a href=\"https:\/\/www.byter.de\/wordpress\/?page_id=2449\"><img decoding=\"async\" loading=\"lazy\" width=\"500\" height=\"405\" src=\"https:\/\/www.byter.de\/wordpress\/wp-content\/uploads\/2019\/09\/Truemmerchen_Wiese_500.jpg\" alt=\"\" class=\"wp-image-2507\" srcset=\"https:\/\/www.byter.de\/wordpress\/wp-content\/uploads\/2019\/09\/Truemmerchen_Wiese_500.jpg 500w, https:\/\/www.byter.de\/wordpress\/wp-content\/uploads\/2019\/09\/Truemmerchen_Wiese_500-300x243.jpg 300w\" sizes=\"(max-width: 500px) 100vw, 500px\" \/><\/a><\/figure><\/div>\n\n\n\n<p>Vor fast 2 Jahren &#8211; Ende 2017 &#8211; entschlossen wir uns zum Kauf eines gel\u00e4ndeg\u00e4ngigen Pickup-Campers und <em>&#8222;Tr\u00fcmmerchen&#8220;<\/em> wurde unser neues Familienmitglied :)&#8230;  Fast zeitgleich reifte au\u00dferdem die Idee einer l\u00e4ngeren Auszeit und die Planungen f\u00fcr eine 6-monatige Reise quer durch S\u00fcdamerika fanden ihren Anfang&#8230; Mittlerweile sind die Planungen fast abgeschlossen und <em>Tr\u00fcmmerchen<\/em> hat diverse Um- und Ausbauten erfahren f\u00fcr die gro\u00dfe Reise&#8230;  Wer mehr wissen will &#8211; <a href=\"https:\/\/www.byter.de\/wordpress\/?page_id=2449\">hier gibt\u00b4s eine kleine Vorstellung<\/a> \ud83d\ude09<\/p>\n","protected":false},"excerpt":{"rendered":"<p>Vor fast 2 Jahren &#8211; Ende 2017 &#8211; entschlossen wir uns zum Kauf eines gel\u00e4ndeg\u00e4ngigen Pickup-Campers und &#8222;Tr\u00fcmmerchen&#8220; wurde unser neues Familienmitglied :)&#8230; Fast zeitgleich reifte au\u00dferdem die Idee einer l\u00e4ngeren Auszeit und die Planungen f\u00fcr eine 6-monatige Reise quer &hellip; <a href=\"https:\/\/www.byter.de\/wordpress\/?p=2489\">Weiterlesen <span class=\"meta-nav\">&rarr;<\/span><\/a><\/p>\n","protected":false},"author":1,"featured_media":0,"comment_status":"open","ping_status":"open","sticky":false,"template":"","format":"standard","meta":{"ngg_post_thumbnail":0},"categories":[1,10],"tags":[],"jetpack_featured_media_url":"","_links":{"self":[{"href":"https:\/\/www.byter.de\/wordpress\/index.php?rest_route=\/wp\/v2\/posts\/2489"}],"collection":[{"href":"https:\/\/www.byter.de\/wordpress\/index.php?rest_route=\/wp\/v2\/posts"}],"about":[{"href":"https:\/\/www.byter.de\/wordpress\/index.php?rest_route=\/wp\/v2\/types\/post"}],"author":[{"embeddable":true,"href":"https:\/\/www.byter.de\/wordpress\/index.php?rest_route=\/wp\/v2\/users\/1"}],"replies":[{"embeddable":true,"href":"https:\/\/www.byter.de\/wordpress\/index.php?rest_route=%2Fwp%2Fv2%2Fcomments&post=2489"}],"version-history":[{"count":4,"href":"https:\/\/www.byter.de\/wordpress\/index.php?rest_route=\/wp\/v2\/posts\/2489\/revisions"}],"predecessor-version":[{"id":2508,"href":"https:\/\/www.byter.de\/wordpress\/index.php?rest_route=\/wp\/v2\/posts\/2489\/revisions\/2508"}],"wp:attachment":[{"href":"https:\/\/www.byter.de\/wordpress\/index.php?rest_route=%2Fwp%2Fv2%2Fmedia&parent=2489"}],"wp:term":[{"taxonomy":"category","embeddable":true,"href":"https:\/\/www.byter.de\/wordpress\/index.php?rest_route=%2Fwp%2Fv2%2Fcategories&post=2489"},{"taxonomy":"post_tag","embeddable":true,"href":"https:\/\/www.byter.de\/wordpress\/index.php?rest_route=%2Fwp%2Fv2%2Ftags&post=2489"}],"curies":[{"name":"wp","href":"https:\/\/api.w.org\/{rel}","templated":true}]}}