{"id":53,"date":"2011-01-06T18:00:14","date_gmt":"2011-01-06T17:00:14","guid":{"rendered":"http:\/\/gc.x3.net\/wordpress\/?p=53"},"modified":"2011-01-07T08:13:08","modified_gmt":"2011-01-07T07:13:08","slug":"weitere-foto-gallerien","status":"publish","type":"post","link":"https:\/\/www.byter.de\/wordpress\/?p=53","title":{"rendered":"Weitere Foto-Gallerien"},"content":{"rendered":"<p>Seit wenigen Monaten bin ich nun Besitzer einer DSLR-Kamera und habe das Hobby Fotografieren f\u00fcr mich entdeckt&#8230; Das war der eigentliche Grund, diesen Blog ins Leben zu rufen &#8211; schlie\u00dflich m\u00fcssen die Bilder auch mal irgendwo abgelegt werden \ud83d\ude09<\/p>\n<p>Neben den frischen Bildern vom <a href=\"\/wordpress\/?page_id=33\" target=\"_self\">Kraftwerk Vockerode<\/a> gibt\u00b4s f\u00fcr den Anfang einige weitere Gallerien mit Aufnahmen der letzten Monate in der <a href=\"https:\/\/www.byter.de\/wordpress\/?page_id=45\">\u00dcbersicht<\/a>.<\/p>\n<p>\u00dcber Kommentare, Kritik und Anregungen in den Gallerien freue ich mich nat\u00fcrlich.<\/p>\n","protected":false},"excerpt":{"rendered":"<p>Seit wenigen Monaten bin ich nun Besitzer einer DSLR-Kamera und habe das Hobby Fotografieren f\u00fcr mich entdeckt&#8230; Das war der eigentliche Grund, diesen Blog ins Leben zu rufen &#8211; schlie\u00dflich m\u00fcssen die Bilder auch mal irgendwo abgelegt werden \ud83d\ude09 Neben &hellip; <a href=\"https:\/\/www.byter.de\/wordpress\/?p=53\">Weiterlesen <span class=\"meta-nav\">&rarr;<\/span><\/a><\/p>\n","protected":false},"author":1,"featured_media":0,"comment_status":"closed","ping_status":"open","sticky":false,"template":"","format":"standard","meta":{"ngg_post_thumbnail":0},"categories":[1,3],"tags":[],"jetpack_featured_media_url":"","_links":{"self":[{"href":"https:\/\/www.byter.de\/wordpress\/index.php?rest_route=\/wp\/v2\/posts\/53"}],"collection":[{"href":"https:\/\/www.byter.de\/wordpress\/index.php?rest_route=\/wp\/v2\/posts"}],"about":[{"href":"https:\/\/www.byter.de\/wordpress\/index.php?rest_route=\/wp\/v2\/types\/post"}],"author":[{"embeddable":true,"href":"https:\/\/www.byter.de\/wordpress\/index.php?rest_route=\/wp\/v2\/users\/1"}],"replies":[{"embeddable":true,"href":"https:\/\/www.byter.de\/wordpress\/index.php?rest_route=%2Fwp%2Fv2%2Fcomments&post=53"}],"version-history":[{"count":9,"href":"https:\/\/www.byter.de\/wordpress\/index.php?rest_route=\/wp\/v2\/posts\/53\/revisions"}],"predecessor-version":[{"id":79,"href":"https:\/\/www.byter.de\/wordpress\/index.php?rest_route=\/wp\/v2\/posts\/53\/revisions\/79"}],"wp:attachment":[{"href":"https:\/\/www.byter.de\/wordpress\/index.php?rest_route=%2Fwp%2Fv2%2Fmedia&parent=53"}],"wp:term":[{"taxonomy":"category","embeddable":true,"href":"https:\/\/www.byter.de\/wordpress\/index.php?rest_route=%2Fwp%2Fv2%2Fcategories&post=53"},{"taxonomy":"post_tag","embeddable":true,"href":"https:\/\/www.byter.de\/wordpress\/index.php?rest_route=%2Fwp%2Fv2%2Ftags&post=53"}],"curies":[{"name":"wp","href":"https:\/\/api.w.org\/{rel}","templated":true}]}}