{"id":546,"date":"2011-10-05T22:16:12","date_gmt":"2011-10-05T21:16:12","guid":{"rendered":"http:\/\/gc.x3.net\/wordpress\/?p=546"},"modified":"2012-05-04T20:00:08","modified_gmt":"2012-05-04T19:00:08","slug":"falkensteiner-hohle-2011","status":"publish","type":"post","link":"https:\/\/www.byter.de\/wordpress\/?p=546","title":{"rendered":"Falkensteiner H\u00f6hle 2011"},"content":{"rendered":"<p>Am letzten Wochenende stand die diesj\u00e4hrige Befahrung der &#8222;<a href=\"http:\/\/www.arge-grabenstetten.de\/www2\/forschung\/schwabische-alb\/grabenstetter-groshohle\/falkensteiner-hohle\/\" target=\"_blank\">Falki<\/a>&#8220; auf dem Programm. Bereits im letzten Jahr konnte ich diese atemberaubend sch\u00f6ne, aktive Wasserh\u00f6hle bis auf ca. 2100m befahren &#8211; diesmal ging\u00b4s in etwas gr\u00f6\u00dferem Team (und mit deutlich besserem Kamera-Equipment \ud83d\ude09 ) erneut ins Dunkle.\u00a0 Ein paar Eindr\u00fccke gibt\u00b4s <a href=\"https:\/\/www.byter.de\/wordpress\/?page_id=525\">hier<\/a>:<\/p>\n<div id=\"attachment_547\" style=\"width: 410px\" class=\"wp-caption aligncenter\"><a href=\"https:\/\/www.byter.de\/wordpress\/?page_id=525\"><img aria-describedby=\"caption-attachment-547\" decoding=\"async\" loading=\"lazy\" class=\"size-full wp-image-547\" title=\"falki_400\" src=\"https:\/\/www.byter.de\/wordpress\/wp-content\/uploads\/2011\/10\/falki_400.jpg\" alt=\"Falkensteiner H\u00f6hle 2011\" width=\"400\" height=\"289\" srcset=\"https:\/\/www.byter.de\/wordpress\/wp-content\/uploads\/2011\/10\/falki_400.jpg 400w, https:\/\/www.byter.de\/wordpress\/wp-content\/uploads\/2011\/10\/falki_400-300x216.jpg 300w\" sizes=\"(max-width: 400px) 100vw, 400px\" \/><\/a><p id=\"caption-attachment-547\" class=\"wp-caption-text\">Falki-Tour 2011<\/p><\/div>\n<p>In den n\u00e4chsten Tagen kommen vorraussichtlich noch ein paar Bilder hinzu, sobald ich zum sortieren\/bearbeiten gekommen bin \ud83d\ude09<\/p>\n<p>&nbsp;<\/p>\n","protected":false},"excerpt":{"rendered":"<p>Am letzten Wochenende stand die diesj\u00e4hrige Befahrung der &#8222;Falki&#8220; auf dem Programm. Bereits im letzten Jahr konnte ich diese atemberaubend sch\u00f6ne, aktive Wasserh\u00f6hle bis auf ca. 2100m befahren &#8211; diesmal ging\u00b4s in etwas gr\u00f6\u00dferem Team (und mit deutlich besserem Kamera-Equipment &hellip; <a href=\"https:\/\/www.byter.de\/wordpress\/?p=546\">Weiterlesen <span class=\"meta-nav\">&rarr;<\/span><\/a><\/p>\n","protected":false},"author":1,"featured_media":0,"comment_status":"open","ping_status":"open","sticky":false,"template":"","format":"standard","meta":{"ngg_post_thumbnail":0},"categories":[1,3,7],"tags":[],"jetpack_featured_media_url":"","_links":{"self":[{"href":"https:\/\/www.byter.de\/wordpress\/index.php?rest_route=\/wp\/v2\/posts\/546"}],"collection":[{"href":"https:\/\/www.byter.de\/wordpress\/index.php?rest_route=\/wp\/v2\/posts"}],"about":[{"href":"https:\/\/www.byter.de\/wordpress\/index.php?rest_route=\/wp\/v2\/types\/post"}],"author":[{"embeddable":true,"href":"https:\/\/www.byter.de\/wordpress\/index.php?rest_route=\/wp\/v2\/users\/1"}],"replies":[{"embeddable":true,"href":"https:\/\/www.byter.de\/wordpress\/index.php?rest_route=%2Fwp%2Fv2%2Fcomments&post=546"}],"version-history":[{"count":8,"href":"https:\/\/www.byter.de\/wordpress\/index.php?rest_route=\/wp\/v2\/posts\/546\/revisions"}],"predecessor-version":[{"id":550,"href":"https:\/\/www.byter.de\/wordpress\/index.php?rest_route=\/wp\/v2\/posts\/546\/revisions\/550"}],"wp:attachment":[{"href":"https:\/\/www.byter.de\/wordpress\/index.php?rest_route=%2Fwp%2Fv2%2Fmedia&parent=546"}],"wp:term":[{"taxonomy":"category","embeddable":true,"href":"https:\/\/www.byter.de\/wordpress\/index.php?rest_route=%2Fwp%2Fv2%2Fcategories&post=546"},{"taxonomy":"post_tag","embeddable":true,"href":"https:\/\/www.byter.de\/wordpress\/index.php?rest_route=%2Fwp%2Fv2%2Ftags&post=546"}],"curies":[{"name":"wp","href":"https:\/\/api.w.org\/{rel}","templated":true}]}}