{"id":711,"date":"2012-06-04T18:44:04","date_gmt":"2012-06-04T17:44:04","guid":{"rendered":"http:\/\/www.byter.de\/wordpress\/?p=711"},"modified":"2012-06-04T20:00:30","modified_gmt":"2012-06-04T19:00:30","slug":"exentrix-tour-2012-ardeche-sudfrankreich-teil-1","status":"publish","type":"post","link":"https:\/\/www.byter.de\/wordpress\/?p=711","title":{"rendered":"eXentriX Tour 2012 &#8211; Ard\u00e8che, S\u00fcdfrankreich, Teil 1"},"content":{"rendered":"<p>In der letzten Woche war es endlich soweit &#8211; nach vielen Vorbereitungen ging es ins D\u00e9partment Ard\u00e8che nach S\u00fcdfrankreich auf gro\u00dfe H\u00f6hlentour. Mit zwei bis unter die Decke (inkl. Dachbox) beladenen Autos, insgesamt 670 Meter Seil und 8 Kletterausr\u00fcstungen im Gep\u00e4ck machten wir uns auf den 1100km langen Weg&#8230;<\/p>\n<p>Den ersten Teil einer kleinen Tourbeschreibung mit wie ich finde tollen Bildern gibt es <a href=\"https:\/\/www.byter.de\/wordpress\/?page_id=671\">hier<\/a>:<\/p>\n<div id=\"attachment_712\" style=\"width: 343px\" class=\"wp-caption aligncenter\"><a title=\"eXentrix Tour 2012 - Teil 1\" href=\"https:\/\/www.byter.de\/wordpress\/?page_id=671\"><img aria-describedby=\"caption-attachment-712\" decoding=\"async\" loading=\"lazy\" class=\"size-full wp-image-712\" title=\"La Cathedrale\" src=\"https:\/\/www.byter.de\/wordpress\/wp-content\/uploads\/2012\/06\/La_Cathedrale_500h.jpg\" alt=\"\" width=\"333\" height=\"500\" srcset=\"https:\/\/www.byter.de\/wordpress\/wp-content\/uploads\/2012\/06\/La_Cathedrale_500h.jpg 333w, https:\/\/www.byter.de\/wordpress\/wp-content\/uploads\/2012\/06\/La_Cathedrale_500h-199x300.jpg 199w\" sizes=\"(max-width: 333px) 100vw, 333px\" \/><\/a><p id=\"caption-attachment-712\" class=\"wp-caption-text\">eXentriX Tour 2012 - Teil 1<\/p><\/div>\n<p style=\"text-align: center;\">\n","protected":false},"excerpt":{"rendered":"<p>In der letzten Woche war es endlich soweit &#8211; nach vielen Vorbereitungen ging es ins D\u00e9partment Ard\u00e8che nach S\u00fcdfrankreich auf gro\u00dfe H\u00f6hlentour. Mit zwei bis unter die Decke (inkl. Dachbox) beladenen Autos, insgesamt 670 Meter Seil und 8 Kletterausr\u00fcstungen im &hellip; <a href=\"https:\/\/www.byter.de\/wordpress\/?p=711\">Weiterlesen <span class=\"meta-nav\">&rarr;<\/span><\/a><\/p>\n","protected":false},"author":1,"featured_media":0,"comment_status":"open","ping_status":"open","sticky":false,"template":"","format":"standard","meta":{"ngg_post_thumbnail":0},"categories":[1,3,7],"tags":[],"jetpack_featured_media_url":"","_links":{"self":[{"href":"https:\/\/www.byter.de\/wordpress\/index.php?rest_route=\/wp\/v2\/posts\/711"}],"collection":[{"href":"https:\/\/www.byter.de\/wordpress\/index.php?rest_route=\/wp\/v2\/posts"}],"about":[{"href":"https:\/\/www.byter.de\/wordpress\/index.php?rest_route=\/wp\/v2\/types\/post"}],"author":[{"embeddable":true,"href":"https:\/\/www.byter.de\/wordpress\/index.php?rest_route=\/wp\/v2\/users\/1"}],"replies":[{"embeddable":true,"href":"https:\/\/www.byter.de\/wordpress\/index.php?rest_route=%2Fwp%2Fv2%2Fcomments&post=711"}],"version-history":[{"count":6,"href":"https:\/\/www.byter.de\/wordpress\/index.php?rest_route=\/wp\/v2\/posts\/711\/revisions"}],"predecessor-version":[{"id":717,"href":"https:\/\/www.byter.de\/wordpress\/index.php?rest_route=\/wp\/v2\/posts\/711\/revisions\/717"}],"wp:attachment":[{"href":"https:\/\/www.byter.de\/wordpress\/index.php?rest_route=%2Fwp%2Fv2%2Fmedia&parent=711"}],"wp:term":[{"taxonomy":"category","embeddable":true,"href":"https:\/\/www.byter.de\/wordpress\/index.php?rest_route=%2Fwp%2Fv2%2Fcategories&post=711"},{"taxonomy":"post_tag","embeddable":true,"href":"https:\/\/www.byter.de\/wordpress\/index.php?rest_route=%2Fwp%2Fv2%2Ftags&post=711"}],"curies":[{"name":"wp","href":"https:\/\/api.w.org\/{rel}","templated":true}]}}