{"id":749,"date":"2012-06-05T21:44:47","date_gmt":"2012-06-05T20:44:47","guid":{"rendered":"http:\/\/www.byter.de\/wordpress\/?p=749"},"modified":"2012-06-05T22:01:29","modified_gmt":"2012-06-05T21:01:29","slug":"exentrix-tour-2012-ardeche-sudfrankreich-teil-2","status":"publish","type":"post","link":"https:\/\/www.byter.de\/wordpress\/?p=749","title":{"rendered":"eXentriX Tour 2012 \u2013 Ard\u00e8che, S\u00fcdfrankreich, Teil 2"},"content":{"rendered":"<p>Nach dem <a href=\"https:\/\/www.byter.de\/wordpress\/?page_id=671\">ersten, eher gem\u00fctlichen Teil<\/a> unserer H\u00f6hlentour ins D\u00e9partment Ard\u00e8che standen in der zweiten Wochenh\u00e4lfte zwei \u00e4u\u00dferst sportliche Herausforderungen auf dem Programm: Eine Befahrung der Aven de Noel sowie die Durchquerung der Grotte St. Marcel zur Aven Despeysse&#8230;<\/p>\n<p>Zum zweiten Teil des Tourenberichts geht\u00b4s <a href=\"https:\/\/www.byter.de\/wordpress\/?page_id=718\">hier lang<\/a>:<\/p>\n<div id=\"attachment_756\" style=\"width: 510px\" class=\"wp-caption aligncenter\"><a href=\"https:\/\/www.byter.de\/wordpress\/?page_id=718\"><img aria-describedby=\"caption-attachment-756\" decoding=\"async\" loading=\"lazy\" class=\"size-full wp-image-756\" title=\"eXentriX Tour 2012 - Teil 2\" src=\"https:\/\/www.byter.de\/wordpress\/wp-content\/uploads\/2012\/06\/Wasser1_500.jpg\" alt=\"\" width=\"500\" height=\"403\" srcset=\"https:\/\/www.byter.de\/wordpress\/wp-content\/uploads\/2012\/06\/Wasser1_500.jpg 500w, https:\/\/www.byter.de\/wordpress\/wp-content\/uploads\/2012\/06\/Wasser1_500-300x241.jpg 300w\" sizes=\"(max-width: 500px) 100vw, 500px\" \/><\/a><p id=\"caption-attachment-756\" class=\"wp-caption-text\">eXentriX Tour 2012 - Tourbericht 2. Teil<\/p><\/div>\n","protected":false},"excerpt":{"rendered":"<p>Nach dem ersten, eher gem\u00fctlichen Teil unserer H\u00f6hlentour ins D\u00e9partment Ard\u00e8che standen in der zweiten Wochenh\u00e4lfte zwei \u00e4u\u00dferst sportliche Herausforderungen auf dem Programm: Eine Befahrung der Aven de Noel sowie die Durchquerung der Grotte St. Marcel zur Aven Despeysse&#8230; Zum &hellip; <a href=\"https:\/\/www.byter.de\/wordpress\/?p=749\">Weiterlesen <span class=\"meta-nav\">&rarr;<\/span><\/a><\/p>\n","protected":false},"author":1,"featured_media":0,"comment_status":"open","ping_status":"open","sticky":false,"template":"","format":"standard","meta":{"ngg_post_thumbnail":0},"categories":[1,3,7],"tags":[],"jetpack_featured_media_url":"","_links":{"self":[{"href":"https:\/\/www.byter.de\/wordpress\/index.php?rest_route=\/wp\/v2\/posts\/749"}],"collection":[{"href":"https:\/\/www.byter.de\/wordpress\/index.php?rest_route=\/wp\/v2\/posts"}],"about":[{"href":"https:\/\/www.byter.de\/wordpress\/index.php?rest_route=\/wp\/v2\/types\/post"}],"author":[{"embeddable":true,"href":"https:\/\/www.byter.de\/wordpress\/index.php?rest_route=\/wp\/v2\/users\/1"}],"replies":[{"embeddable":true,"href":"https:\/\/www.byter.de\/wordpress\/index.php?rest_route=%2Fwp%2Fv2%2Fcomments&post=749"}],"version-history":[{"count":7,"href":"https:\/\/www.byter.de\/wordpress\/index.php?rest_route=\/wp\/v2\/posts\/749\/revisions"}],"predecessor-version":[{"id":768,"href":"https:\/\/www.byter.de\/wordpress\/index.php?rest_route=\/wp\/v2\/posts\/749\/revisions\/768"}],"wp:attachment":[{"href":"https:\/\/www.byter.de\/wordpress\/index.php?rest_route=%2Fwp%2Fv2%2Fmedia&parent=749"}],"wp:term":[{"taxonomy":"category","embeddable":true,"href":"https:\/\/www.byter.de\/wordpress\/index.php?rest_route=%2Fwp%2Fv2%2Fcategories&post=749"},{"taxonomy":"post_tag","embeddable":true,"href":"https:\/\/www.byter.de\/wordpress\/index.php?rest_route=%2Fwp%2Fv2%2Ftags&post=749"}],"curies":[{"name":"wp","href":"https:\/\/api.w.org\/{rel}","templated":true}]}}