{"id":781,"date":"2013-01-15T20:30:59","date_gmt":"2013-01-15T19:30:59","guid":{"rendered":"http:\/\/www.byter.de\/wordpress\/?p=781"},"modified":"2013-01-15T21:15:38","modified_gmt":"2013-01-15T20:15:38","slug":"2012-2013","status":"publish","type":"post","link":"https:\/\/www.byter.de\/wordpress\/?p=781","title":{"rendered":"2012&#8230; 2013"},"content":{"rendered":"<p>Ein (leicht versp\u00e4tetes) Frohes Neues Jahr w\u00fcnsche ich allen, die hier noch gelegentlich vorbeischauen! \ud83d\ude09<\/p>\n<p>Zugegeben, um meinen Blog ist es in 2012 sehr ruhig geworden. Zum Teil fehlte einfach die Zeit f\u00fcr ausgiebige Ausfl\u00fcge mit der Kamera, manchmal aber auch einfach die Motivation, vor allem f\u00fcr die Nachbearbeitung.<\/p>\n<p>In den Wochen um den Jahreswechsel habe ich aber zumindest mal ein wenig aufgearbeitet &#8211; den Anfang macht eine kleine <a href=\"https:\/\/www.byter.de\/wordpress\/?page_id=780\">Gallerie mit Eindr\u00fccken von R\u00fcgen<\/a>. Der Kontrast zwischen modernen Strandb\u00e4dern und Tourismus auf der einen Seite, spannenden Relikten aus der Zeit der DDR und des Nationalsozialismus (Prora ;)) auf der anderen Seite macht die Insel zu einem wirklich lohnenden Ziel:<\/p>\n<div id=\"attachment_782\" style=\"width: 410px\" class=\"wp-caption aligncenter\"><a title=\"R\u00fcgen Gallerie\" href=\"https:\/\/www.byter.de\/wordpress\/?page_id=780\"><img aria-describedby=\"caption-attachment-782\" decoding=\"async\" loading=\"lazy\" class=\"size-full wp-image-782\" alt=\"R\u00fcgen\" src=\"https:\/\/www.byter.de\/wordpress\/wp-content\/uploads\/2013\/01\/Ruegen_400.jpg\" width=\"400\" height=\"267\" srcset=\"https:\/\/www.byter.de\/wordpress\/wp-content\/uploads\/2013\/01\/Ruegen_400.jpg 400w, https:\/\/www.byter.de\/wordpress\/wp-content\/uploads\/2013\/01\/Ruegen_400-300x200.jpg 300w\" sizes=\"(max-width: 400px) 100vw, 400px\" \/><\/a><p id=\"caption-attachment-782\" class=\"wp-caption-text\">Eindr\u00fccke von R\u00fcgen<\/p><\/div>\n<p>In den n\u00e4chsten Tagen gibt\u00b4s dann zur Abwechslung auch mal wieder ein paar Urbex-Bilder &#8211; und auch die n\u00e4chste H\u00f6hlentour ist bereits in Planung. Ich hoffe, dass es hier 2013 wieder etwas mehr zu lesen und zu sehen geben wird&#8230;<\/p>\n<p>&nbsp;<\/p>\n","protected":false},"excerpt":{"rendered":"<p>Ein (leicht versp\u00e4tetes) Frohes Neues Jahr w\u00fcnsche ich allen, die hier noch gelegentlich vorbeischauen! \ud83d\ude09 Zugegeben, um meinen Blog ist es in 2012 sehr ruhig geworden. Zum Teil fehlte einfach die Zeit f\u00fcr ausgiebige Ausfl\u00fcge mit der Kamera, manchmal aber &hellip; <a href=\"https:\/\/www.byter.de\/wordpress\/?p=781\">Weiterlesen <span class=\"meta-nav\">&rarr;<\/span><\/a><\/p>\n","protected":false},"author":1,"featured_media":0,"comment_status":"open","ping_status":"open","sticky":false,"template":"","format":"standard","meta":{"ngg_post_thumbnail":0},"categories":[1,3],"tags":[],"jetpack_featured_media_url":"","_links":{"self":[{"href":"https:\/\/www.byter.de\/wordpress\/index.php?rest_route=\/wp\/v2\/posts\/781"}],"collection":[{"href":"https:\/\/www.byter.de\/wordpress\/index.php?rest_route=\/wp\/v2\/posts"}],"about":[{"href":"https:\/\/www.byter.de\/wordpress\/index.php?rest_route=\/wp\/v2\/types\/post"}],"author":[{"embeddable":true,"href":"https:\/\/www.byter.de\/wordpress\/index.php?rest_route=\/wp\/v2\/users\/1"}],"replies":[{"embeddable":true,"href":"https:\/\/www.byter.de\/wordpress\/index.php?rest_route=%2Fwp%2Fv2%2Fcomments&post=781"}],"version-history":[{"count":8,"href":"https:\/\/www.byter.de\/wordpress\/index.php?rest_route=\/wp\/v2\/posts\/781\/revisions"}],"predecessor-version":[{"id":794,"href":"https:\/\/www.byter.de\/wordpress\/index.php?rest_route=\/wp\/v2\/posts\/781\/revisions\/794"}],"wp:attachment":[{"href":"https:\/\/www.byter.de\/wordpress\/index.php?rest_route=%2Fwp%2Fv2%2Fmedia&parent=781"}],"wp:term":[{"taxonomy":"category","embeddable":true,"href":"https:\/\/www.byter.de\/wordpress\/index.php?rest_route=%2Fwp%2Fv2%2Fcategories&post=781"},{"taxonomy":"post_tag","embeddable":true,"href":"https:\/\/www.byter.de\/wordpress\/index.php?rest_route=%2Fwp%2Fv2%2Ftags&post=781"}],"curies":[{"name":"wp","href":"https:\/\/api.w.org\/{rel}","templated":true}]}}