{"id":856,"date":"2013-06-04T19:44:26","date_gmt":"2013-06-04T18:44:26","guid":{"rendered":"http:\/\/www.byter.de\/wordpress\/?p=856"},"modified":"2013-06-04T19:44:26","modified_gmt":"2013-06-04T18:44:26","slug":"exentrix-tour-2013-slowenien-teil-1","status":"publish","type":"post","link":"https:\/\/www.byter.de\/wordpress\/?p=856","title":{"rendered":"eXentriX Tour 2013 &#8211; Slowenien (Teil 1)"},"content":{"rendered":"<p>Auch dieses Jahr zu Pfingsten fand die allj\u00e4hrliche &#8222;eXentriX&#8220; H\u00f6hlentour statt &#8211; diesmal ging es eine Woche in die Karstgebiete von Slowenien und Italien&#8230; Neben massenhaft Ausr\u00fcstung war nat\u00fcrlich wieder die Kamera im Gep\u00e4ck \ud83d\ude09<\/p>\n<p>Hier geht\u00b4s zum <a href=\"https:\/\/www.byter.de\/wordpress\/?page_id=818\">ersten Teil des Tourberichts<\/a>:<\/p>\n<div id=\"attachment_855\" style=\"width: 610px\" class=\"wp-caption aligncenter\"><a href=\"https:\/\/www.byter.de\/wordpress\/?page_id=818\"><img aria-describedby=\"caption-attachment-855\" decoding=\"async\" loading=\"lazy\" class=\"size-full wp-image-855\" alt=\"Tourbericht Slowenien - Teil 1\" src=\"https:\/\/www.byter.de\/wordpress\/wp-content\/uploads\/2013\/06\/Medvedjak_TrSt_600.jpg\" width=\"600\" height=\"379\" srcset=\"https:\/\/www.byter.de\/wordpress\/wp-content\/uploads\/2013\/06\/Medvedjak_TrSt_600.jpg 600w, https:\/\/www.byter.de\/wordpress\/wp-content\/uploads\/2013\/06\/Medvedjak_TrSt_600-300x189.jpg 300w\" sizes=\"(max-width: 600px) 100vw, 600px\" \/><\/a><p id=\"caption-attachment-855\" class=\"wp-caption-text\">Tourbericht Slowenien &#8211; Teil 1<\/p><\/div>\n","protected":false},"excerpt":{"rendered":"<p>Auch dieses Jahr zu Pfingsten fand die allj\u00e4hrliche &#8222;eXentriX&#8220; H\u00f6hlentour statt &#8211; diesmal ging es eine Woche in die Karstgebiete von Slowenien und Italien&#8230; Neben massenhaft Ausr\u00fcstung war nat\u00fcrlich wieder die Kamera im Gep\u00e4ck \ud83d\ude09 Hier geht\u00b4s zum ersten Teil &hellip; <a href=\"https:\/\/www.byter.de\/wordpress\/?p=856\">Weiterlesen <span class=\"meta-nav\">&rarr;<\/span><\/a><\/p>\n","protected":false},"author":1,"featured_media":0,"comment_status":"open","ping_status":"open","sticky":false,"template":"","format":"standard","meta":{"ngg_post_thumbnail":0},"categories":[3,7],"tags":[],"jetpack_featured_media_url":"","_links":{"self":[{"href":"https:\/\/www.byter.de\/wordpress\/index.php?rest_route=\/wp\/v2\/posts\/856"}],"collection":[{"href":"https:\/\/www.byter.de\/wordpress\/index.php?rest_route=\/wp\/v2\/posts"}],"about":[{"href":"https:\/\/www.byter.de\/wordpress\/index.php?rest_route=\/wp\/v2\/types\/post"}],"author":[{"embeddable":true,"href":"https:\/\/www.byter.de\/wordpress\/index.php?rest_route=\/wp\/v2\/users\/1"}],"replies":[{"embeddable":true,"href":"https:\/\/www.byter.de\/wordpress\/index.php?rest_route=%2Fwp%2Fv2%2Fcomments&post=856"}],"version-history":[{"count":5,"href":"https:\/\/www.byter.de\/wordpress\/index.php?rest_route=\/wp\/v2\/posts\/856\/revisions"}],"predecessor-version":[{"id":867,"href":"https:\/\/www.byter.de\/wordpress\/index.php?rest_route=\/wp\/v2\/posts\/856\/revisions\/867"}],"wp:attachment":[{"href":"https:\/\/www.byter.de\/wordpress\/index.php?rest_route=%2Fwp%2Fv2%2Fmedia&parent=856"}],"wp:term":[{"taxonomy":"category","embeddable":true,"href":"https:\/\/www.byter.de\/wordpress\/index.php?rest_route=%2Fwp%2Fv2%2Fcategories&post=856"},{"taxonomy":"post_tag","embeddable":true,"href":"https:\/\/www.byter.de\/wordpress\/index.php?rest_route=%2Fwp%2Fv2%2Ftags&post=856"}],"curies":[{"name":"wp","href":"https:\/\/api.w.org\/{rel}","templated":true}]}}