{"id":911,"date":"2013-06-14T14:28:51","date_gmt":"2013-06-14T13:28:51","guid":{"rendered":"http:\/\/www.byter.de\/wordpress\/?p=911"},"modified":"2013-06-14T14:28:51","modified_gmt":"2013-06-14T13:28:51","slug":"exentrix-tour-2013-slowenien-teil-2","status":"publish","type":"post","link":"https:\/\/www.byter.de\/wordpress\/?p=911","title":{"rendered":"eXentriX Tour 2013 \u2013 Slowenien (Teil 2)"},"content":{"rendered":"<p>Auch der zweite Teil des Tourberichts der diesj\u00e4hrigen &#8222;eXentriX Tour&#8220; nach Slowenien ist nun online und der erste gro\u00dfe Schwung Bilder bearbeitet&#8230; Ich hoffe, dass ich zumindest ansatzweise ein paar der Eindr\u00fccke und Erlebnisse vermitteln kann \ud83d\ude09<\/p>\n<p><a href=\"https:\/\/www.byter.de\/wordpress\/?page_id=875\">Hier geht\u00b4s zum 2. Teil des Tourberichts:<\/a><\/p>\n<div id=\"attachment_874\" style=\"width: 610px\" class=\"wp-caption aligncenter\"><a href=\"https:\/\/www.byter.de\/wordpress\/?page_id=875\"><img aria-describedby=\"caption-attachment-874\" decoding=\"async\" loading=\"lazy\" class=\"size-full wp-image-874\" alt=\"Tourbericht Slowenien 2013 - Teil 2\" src=\"https:\/\/www.byter.de\/wordpress\/wp-content\/uploads\/2013\/06\/Spodmol_600.jpg\" width=\"600\" height=\"436\" srcset=\"https:\/\/www.byter.de\/wordpress\/wp-content\/uploads\/2013\/06\/Spodmol_600.jpg 600w, https:\/\/www.byter.de\/wordpress\/wp-content\/uploads\/2013\/06\/Spodmol_600-300x218.jpg 300w\" sizes=\"(max-width: 600px) 100vw, 600px\" \/><\/a><p id=\"caption-attachment-874\" class=\"wp-caption-text\">Tourbericht Slowenien 2013 &#8211; Teil 2<\/p><\/div>\n","protected":false},"excerpt":{"rendered":"<p>Auch der zweite Teil des Tourberichts der diesj\u00e4hrigen &#8222;eXentriX Tour&#8220; nach Slowenien ist nun online und der erste gro\u00dfe Schwung Bilder bearbeitet&#8230; Ich hoffe, dass ich zumindest ansatzweise ein paar der Eindr\u00fccke und Erlebnisse vermitteln kann \ud83d\ude09 Hier geht\u00b4s zum &hellip; <a href=\"https:\/\/www.byter.de\/wordpress\/?p=911\">Weiterlesen <span class=\"meta-nav\">&rarr;<\/span><\/a><\/p>\n","protected":false},"author":1,"featured_media":0,"comment_status":"open","ping_status":"open","sticky":false,"template":"","format":"standard","meta":{"ngg_post_thumbnail":0},"categories":[3,7],"tags":[],"jetpack_featured_media_url":"","_links":{"self":[{"href":"https:\/\/www.byter.de\/wordpress\/index.php?rest_route=\/wp\/v2\/posts\/911"}],"collection":[{"href":"https:\/\/www.byter.de\/wordpress\/index.php?rest_route=\/wp\/v2\/posts"}],"about":[{"href":"https:\/\/www.byter.de\/wordpress\/index.php?rest_route=\/wp\/v2\/types\/post"}],"author":[{"embeddable":true,"href":"https:\/\/www.byter.de\/wordpress\/index.php?rest_route=\/wp\/v2\/users\/1"}],"replies":[{"embeddable":true,"href":"https:\/\/www.byter.de\/wordpress\/index.php?rest_route=%2Fwp%2Fv2%2Fcomments&post=911"}],"version-history":[{"count":5,"href":"https:\/\/www.byter.de\/wordpress\/index.php?rest_route=\/wp\/v2\/posts\/911\/revisions"}],"predecessor-version":[{"id":918,"href":"https:\/\/www.byter.de\/wordpress\/index.php?rest_route=\/wp\/v2\/posts\/911\/revisions\/918"}],"wp:attachment":[{"href":"https:\/\/www.byter.de\/wordpress\/index.php?rest_route=%2Fwp%2Fv2%2Fmedia&parent=911"}],"wp:term":[{"taxonomy":"category","embeddable":true,"href":"https:\/\/www.byter.de\/wordpress\/index.php?rest_route=%2Fwp%2Fv2%2Fcategories&post=911"},{"taxonomy":"post_tag","embeddable":true,"href":"https:\/\/www.byter.de\/wordpress\/index.php?rest_route=%2Fwp%2Fv2%2Ftags&post=911"}],"curies":[{"name":"wp","href":"https:\/\/api.w.org\/{rel}","templated":true}]}}